{"id":6755,"date":"2024-05-20T16:55:14","date_gmt":"2024-05-20T14:55:14","guid":{"rendered":"https:\/\/resa.aero\/?p=6755"},"modified":"2025-02-05T17:42:49","modified_gmt":"2025-02-05T15:42:49","slug":"when-charity-and-adventure-go-hand-in-hand","status":"publish","type":"post","link":"https:\/\/resa.aero\/en\/when-charity-and-adventure-go-hand-in-hand\/","title":{"rendered":"When charity and adventure go hand in hand!"},"content":{"rendered":"\n\n\t<p><strong>RESA<\/strong> \u2708\ufe0f has sponsored a great project this spring. #TeamCoeurDesSables, Anne-Sophie and Christophe, had the ambition to participate in the hashtag#TwingoMarocotour2024. \ud83d\ude97 \ud83d\ude97 \ud83d\ude97 \ud83d\ude97<\/p>\n\t<p>Their mission goes far beyond just an adventure! The Twingo Maroco Tour 2024 has fully committed to supporting local charities in Morocco. This year, the French association &#8220;Les P&#8217;tits Doudous d&#8217;Ali\u00e9nor&#8221; \ud83d\udc3b , was placed in the spotlight, an organization caring for children with long-term hospital stays.<\/p>\n<p>After fixing their pink Twingo and adapting it to the tough environment they would face, they took it 1800 kms away from home to start the tour from Algesiras in Spain. Anne-Sophie and Christophe drove through the desert \ud83c\udfdc in 8\ufe0f\u20e3 days; they donated pens \u270f, notebooks \ud83d\udcd6, balls \u26bd and toys to local schools and children, and met wonderful smiley people \ud83d\ude00 on the way. They both came back with a heart \ud83d\udc97 full of memories.<\/p>\n<p>What a successful adventure. Well done to both of you!<\/p>\n\t\t\t\t<img decoding=\"async\" src=\"https:\/\/resa.aero\/wp-content\/uploads\/2024\/08\/Capture-decran-2024-05-15-121718.png\" alt=\"Capture D&#039;ecran 2024 05 15 121718\" itemprop=\"image\" height=\"860\" width=\"856\" title=\"Capture D&#039;ecran 2024 05 15 121718\" onerror=\"this.style.display='none'\"  \/>\n\t\t\t\t<img decoding=\"async\" src=\"https:\/\/resa.aero\/wp-content\/uploads\/2024\/08\/Capture-decran-2024-05-15-121640.png\" alt=\"Capture D&#039;ecran 2024 05 15 121640\" itemprop=\"image\" height=\"855\" width=\"848\" title=\"Capture D&#039;ecran 2024 05 15 121640\" onerror=\"this.style.display='none'\"  \/>\n\t\t\t\t<img decoding=\"async\" src=\"https:\/\/resa.aero\/wp-content\/uploads\/2024\/08\/Capture-decran-2024-05-15-122201.png\" alt=\"Capture D&#039;ecran 2024 05 15 122201\" itemprop=\"image\" height=\"604\" width=\"782\" title=\"Capture D&#039;ecran 2024 05 15 122201\" onerror=\"this.style.display='none'\"  \/>\n\t\t\t\t<img decoding=\"async\" src=\"https:\/\/resa.aero\/wp-content\/uploads\/2024\/08\/Capture-decran-2024-05-15-121806.png\" alt=\"Capture D&#039;ecran 2024 05 15 121806\" itemprop=\"image\" height=\"855\" width=\"854\" title=\"Capture D&#039;ecran 2024 05 15 121806\" onerror=\"this.style.display='none'\"  \/>\n\t\t\t\t<img decoding=\"async\" src=\"https:\/\/resa.aero\/wp-content\/uploads\/2024\/08\/Capture-decran-2024-05-15-122109.png\" alt=\"Capture D&#039;ecran 2024 05 15 122109\" itemprop=\"image\" height=\"624\" width=\"777\" title=\"Capture D&#039;ecran 2024 05 15 122109\" onerror=\"this.style.display='none'\"  \/>\n\t\t\t\t<img decoding=\"async\" src=\"https:\/\/resa.aero\/wp-content\/uploads\/2024\/08\/Capture-decran-2024-05-15-121857.png\" alt=\"Capture D&#039;ecran 2024 05 15 121857\" itemprop=\"image\" height=\"642\" width=\"857\" title=\"Capture D&#039;ecran 2024 05 15 121857\" onerror=\"this.style.display='none'\"  \/>\n\t\t\t\t<img decoding=\"async\" src=\"https:\/\/resa.aero\/wp-content\/uploads\/2024\/08\/Capture-decran-2024-05-16-094511.png\" alt=\"Capture D&#039;ecran 2024 05 16 094511\" itemprop=\"image\" height=\"607\" width=\"814\" title=\"Capture D&#039;ecran 2024 05 16 094511\" onerror=\"this.style.display='none'\"  \/>\n\t\t\t\t<img decoding=\"async\" src=\"https:\/\/resa.aero\/wp-content\/uploads\/2024\/08\/Capture-decran-2024-05-15-122139.png\" alt=\"Capture D&#039;ecran 2024 05 15 122139\" itemprop=\"image\" height=\"622\" width=\"817\" title=\"Capture D&#039;ecran 2024 05 15 122139\" onerror=\"this.style.display='none'\"  \/>\n\t\t\t\t<img decoding=\"async\" src=\"https:\/\/resa.aero\/wp-content\/uploads\/2024\/08\/Capture-decran-2024-05-15-122037.png\" alt=\"Capture D&#039;ecran 2024 05 15 122037\" itemprop=\"image\" height=\"638\" width=\"793\" title=\"Capture D&#039;ecran 2024 05 15 122037\" onerror=\"this.style.display='none'\"  \/>\n\t<p>With 30 years of expertise and 1000+ software packages already deployed, <strong>RESA<\/strong> is one of the world leaders for airport and airline dedicated IT systems.<\/p>\n<p><a href=\"https:\/\/resa.aero\/wp-content\/uploads\/2025\/02\/Site-internet-Page-About-us-2024.png\"><img decoding=\"async\" src=\"https:\/\/resa.aero\/wp-content\/uploads\/2025\/02\/Site-internet-Page-About-us-2024.png\" alt=\"\" width=\"1469\" height=\"323\" \/><\/a><\/p>\n\n","protected":false},"excerpt":{"rendered":"<p>RESA \u2708\ufe0f has sponsored a great project this spring. #TeamCoeurDesSables, Anne-Sophie and Christophe, had the ambition to participate in the hashtag#TwingoMarocotour2024. \ud83d\ude97 \ud83d\ude97 \ud83d\ude97 \ud83d\ude97 Their mission goes far beyond just an adventure! The Twingo Maroco Tour 2024 has fully committed to supporting local charities in Morocco. This year, the French association &#8220;Les P&#8217;tits Doudous [&hellip;]<\/p>\n","protected":false},"author":6,"featured_media":6766,"comment_status":"closed","ping_status":"closed","sticky":false,"template":"","format":"standard","meta":{"_acf_changed":false,"inline_featured_image":false,"footnotes":""},"categories":[29],"tags":[],"class_list":["post-6755","post","type-post","status-publish","format-standard","has-post-thumbnail","hentry","category-news"],"acf":[],"yoast_head":"<!-- This site is optimized with the Yoast SEO plugin v27.5 - https:\/\/yoast.com\/product\/yoast-seo-wordpress\/ -->\n<title>When charity and adventure go hand in hand! - RESA<\/title>\n<meta name=\"robots\" content=\"index, follow, max-snippet:-1, max-image-preview:large, max-video-preview:-1\" \/>\n<link rel=\"canonical\" href=\"https:\/\/resa.aero\/en\/when-charity-and-adventure-go-hand-in-hand\/\" \/>\n<meta property=\"og:locale\" content=\"en_US\" \/>\n<meta property=\"og:type\" content=\"article\" \/>\n<meta property=\"og:title\" content=\"When charity and adventure go hand in hand! - RESA\" \/>\n<meta property=\"og:description\" content=\"RESA \u2708\ufe0f has sponsored a great project this spring. #TeamCoeurDesSables, Anne-Sophie and Christophe, had the ambition to participate in the hashtag#TwingoMarocotour2024. \ud83d\ude97 \ud83d\ude97 \ud83d\ude97 \ud83d\ude97 Their mission goes far beyond just an adventure! The Twingo Maroco Tour 2024 has fully committed to supporting local charities in Morocco. This year, the French association &#8220;Les P&#8217;tits Doudous [&hellip;]\" \/>\n<meta property=\"og:url\" content=\"https:\/\/resa.aero\/en\/when-charity-and-adventure-go-hand-in-hand\/\" \/>\n<meta property=\"og:site_name\" content=\"RESA\" \/>\n<meta property=\"article:published_time\" content=\"2024-05-20T14:55:14+00:00\" \/>\n<meta property=\"article:modified_time\" content=\"2025-02-05T15:42:49+00:00\" \/>\n<meta property=\"og:image\" content=\"https:\/\/resa.aero\/wp-content\/uploads\/2024\/08\/Capture-decran-2024-05-15-122201.png\" \/>\n\t<meta property=\"og:image:width\" content=\"782\" \/>\n\t<meta property=\"og:image:height\" content=\"604\" \/>\n\t<meta property=\"og:image:type\" content=\"image\/png\" \/>\n<meta name=\"author\" content=\"C\u00e9line Vilchez\" \/>\n<meta name=\"twitter:card\" content=\"summary_large_image\" \/>\n<meta name=\"twitter:label1\" content=\"Written by\" \/>\n\t<meta name=\"twitter:data1\" content=\"C\u00e9line Vilchez\" \/>\n\t<meta name=\"twitter:label2\" content=\"Est. reading time\" \/>\n\t<meta name=\"twitter:data2\" content=\"3 minutes\" \/>\n<script type=\"application\/ld+json\" class=\"yoast-schema-graph\">{\"@context\":\"https:\\\/\\\/schema.org\",\"@graph\":[{\"@type\":\"Article\",\"@id\":\"https:\\\/\\\/resa.aero\\\/en\\\/when-charity-and-adventure-go-hand-in-hand\\\/#article\",\"isPartOf\":{\"@id\":\"https:\\\/\\\/resa.aero\\\/en\\\/when-charity-and-adventure-go-hand-in-hand\\\/\"},\"author\":{\"name\":\"C\u00e9line Vilchez\",\"@id\":\"https:\\\/\\\/resa.aero\\\/#\\\/schema\\\/person\\\/bbe6fb5e24e1ebe009337f5f144affab\"},\"headline\":\"When charity and adventure go hand in hand!\",\"datePublished\":\"2024-05-20T14:55:14+00:00\",\"dateModified\":\"2025-02-05T15:42:49+00:00\",\"mainEntityOfPage\":{\"@id\":\"https:\\\/\\\/resa.aero\\\/en\\\/when-charity-and-adventure-go-hand-in-hand\\\/\"},\"wordCount\":178,\"image\":{\"@id\":\"https:\\\/\\\/resa.aero\\\/en\\\/when-charity-and-adventure-go-hand-in-hand\\\/#primaryimage\"},\"thumbnailUrl\":\"https:\\\/\\\/resa.aero\\\/wp-content\\\/uploads\\\/2024\\\/08\\\/Capture-decran-2024-05-15-122201.png\",\"articleSection\":[\"News\"],\"inLanguage\":\"en-US\"},{\"@type\":\"WebPage\",\"@id\":\"https:\\\/\\\/resa.aero\\\/en\\\/when-charity-and-adventure-go-hand-in-hand\\\/\",\"url\":\"https:\\\/\\\/resa.aero\\\/en\\\/when-charity-and-adventure-go-hand-in-hand\\\/\",\"name\":\"When charity and adventure go hand in hand! - RESA\",\"isPartOf\":{\"@id\":\"https:\\\/\\\/resa.aero\\\/#website\"},\"primaryImageOfPage\":{\"@id\":\"https:\\\/\\\/resa.aero\\\/en\\\/when-charity-and-adventure-go-hand-in-hand\\\/#primaryimage\"},\"image\":{\"@id\":\"https:\\\/\\\/resa.aero\\\/en\\\/when-charity-and-adventure-go-hand-in-hand\\\/#primaryimage\"},\"thumbnailUrl\":\"https:\\\/\\\/resa.aero\\\/wp-content\\\/uploads\\\/2024\\\/08\\\/Capture-decran-2024-05-15-122201.png\",\"datePublished\":\"2024-05-20T14:55:14+00:00\",\"dateModified\":\"2025-02-05T15:42:49+00:00\",\"author\":{\"@id\":\"https:\\\/\\\/resa.aero\\\/#\\\/schema\\\/person\\\/bbe6fb5e24e1ebe009337f5f144affab\"},\"breadcrumb\":{\"@id\":\"https:\\\/\\\/resa.aero\\\/en\\\/when-charity-and-adventure-go-hand-in-hand\\\/#breadcrumb\"},\"inLanguage\":\"en-US\",\"potentialAction\":[{\"@type\":\"ReadAction\",\"target\":[\"https:\\\/\\\/resa.aero\\\/en\\\/when-charity-and-adventure-go-hand-in-hand\\\/\"]}]},{\"@type\":\"ImageObject\",\"inLanguage\":\"en-US\",\"@id\":\"https:\\\/\\\/resa.aero\\\/en\\\/when-charity-and-adventure-go-hand-in-hand\\\/#primaryimage\",\"url\":\"https:\\\/\\\/resa.aero\\\/wp-content\\\/uploads\\\/2024\\\/08\\\/Capture-decran-2024-05-15-122201.png\",\"contentUrl\":\"https:\\\/\\\/resa.aero\\\/wp-content\\\/uploads\\\/2024\\\/08\\\/Capture-decran-2024-05-15-122201.png\",\"width\":782,\"height\":604},{\"@type\":\"BreadcrumbList\",\"@id\":\"https:\\\/\\\/resa.aero\\\/en\\\/when-charity-and-adventure-go-hand-in-hand\\\/#breadcrumb\",\"itemListElement\":[{\"@type\":\"ListItem\",\"position\":1,\"name\":\"Accueil\",\"item\":\"https:\\\/\\\/resa.aero\\\/en\\\/\"},{\"@type\":\"ListItem\",\"position\":2,\"name\":\"News\",\"item\":\"https:\\\/\\\/resa.aero\\\/en\\\/news\\\/\"},{\"@type\":\"ListItem\",\"position\":3,\"name\":\"When charity and adventure go hand in hand!\"}]},{\"@type\":\"WebSite\",\"@id\":\"https:\\\/\\\/resa.aero\\\/#website\",\"url\":\"https:\\\/\\\/resa.aero\\\/\",\"name\":\"RESA\",\"description\":\"Editeur et int\u00e9grateur de syst\u00e8mes informatiques a\u00e9roportuaires\",\"potentialAction\":[{\"@type\":\"SearchAction\",\"target\":{\"@type\":\"EntryPoint\",\"urlTemplate\":\"https:\\\/\\\/resa.aero\\\/?s={search_term_string}\"},\"query-input\":{\"@type\":\"PropertyValueSpecification\",\"valueRequired\":true,\"valueName\":\"search_term_string\"}}],\"inLanguage\":\"en-US\"},{\"@type\":\"Person\",\"@id\":\"https:\\\/\\\/resa.aero\\\/#\\\/schema\\\/person\\\/bbe6fb5e24e1ebe009337f5f144affab\",\"name\":\"C\u00e9line Vilchez\",\"image\":{\"@type\":\"ImageObject\",\"inLanguage\":\"en-US\",\"@id\":\"https:\\\/\\\/secure.gravatar.com\\\/avatar\\\/6f49f323c125946de2c47a37bdd456605aa977f9583888a6ee790c533dc79521?s=96&d=mm&r=g\",\"url\":\"https:\\\/\\\/secure.gravatar.com\\\/avatar\\\/6f49f323c125946de2c47a37bdd456605aa977f9583888a6ee790c533dc79521?s=96&d=mm&r=g\",\"contentUrl\":\"https:\\\/\\\/secure.gravatar.com\\\/avatar\\\/6f49f323c125946de2c47a37bdd456605aa977f9583888a6ee790c533dc79521?s=96&d=mm&r=g\",\"caption\":\"C\u00e9line Vilchez\"}}]}<\/script>\n<!-- \/ Yoast SEO plugin. -->","yoast_head_json":{"title":"When charity and adventure go hand in hand! - RESA","robots":{"index":"index","follow":"follow","max-snippet":"max-snippet:-1","max-image-preview":"max-image-preview:large","max-video-preview":"max-video-preview:-1"},"canonical":"https:\/\/resa.aero\/en\/when-charity-and-adventure-go-hand-in-hand\/","og_locale":"en_US","og_type":"article","og_title":"When charity and adventure go hand in hand! - RESA","og_description":"RESA \u2708\ufe0f has sponsored a great project this spring. #TeamCoeurDesSables, Anne-Sophie and Christophe, had the ambition to participate in the hashtag#TwingoMarocotour2024. \ud83d\ude97 \ud83d\ude97 \ud83d\ude97 \ud83d\ude97 Their mission goes far beyond just an adventure! The Twingo Maroco Tour 2024 has fully committed to supporting local charities in Morocco. This year, the French association &#8220;Les P&#8217;tits Doudous [&hellip;]","og_url":"https:\/\/resa.aero\/en\/when-charity-and-adventure-go-hand-in-hand\/","og_site_name":"RESA","article_published_time":"2024-05-20T14:55:14+00:00","article_modified_time":"2025-02-05T15:42:49+00:00","og_image":[{"width":782,"height":604,"url":"https:\/\/resa.aero\/wp-content\/uploads\/2024\/08\/Capture-decran-2024-05-15-122201.png","type":"image\/png"}],"author":"C\u00e9line Vilchez","twitter_card":"summary_large_image","twitter_misc":{"Written by":"C\u00e9line Vilchez","Est. reading time":"3 minutes"},"schema":{"@context":"https:\/\/schema.org","@graph":[{"@type":"Article","@id":"https:\/\/resa.aero\/en\/when-charity-and-adventure-go-hand-in-hand\/#article","isPartOf":{"@id":"https:\/\/resa.aero\/en\/when-charity-and-adventure-go-hand-in-hand\/"},"author":{"name":"C\u00e9line Vilchez","@id":"https:\/\/resa.aero\/#\/schema\/person\/bbe6fb5e24e1ebe009337f5f144affab"},"headline":"When charity and adventure go hand in hand!","datePublished":"2024-05-20T14:55:14+00:00","dateModified":"2025-02-05T15:42:49+00:00","mainEntityOfPage":{"@id":"https:\/\/resa.aero\/en\/when-charity-and-adventure-go-hand-in-hand\/"},"wordCount":178,"image":{"@id":"https:\/\/resa.aero\/en\/when-charity-and-adventure-go-hand-in-hand\/#primaryimage"},"thumbnailUrl":"https:\/\/resa.aero\/wp-content\/uploads\/2024\/08\/Capture-decran-2024-05-15-122201.png","articleSection":["News"],"inLanguage":"en-US"},{"@type":"WebPage","@id":"https:\/\/resa.aero\/en\/when-charity-and-adventure-go-hand-in-hand\/","url":"https:\/\/resa.aero\/en\/when-charity-and-adventure-go-hand-in-hand\/","name":"When charity and adventure go hand in hand! - RESA","isPartOf":{"@id":"https:\/\/resa.aero\/#website"},"primaryImageOfPage":{"@id":"https:\/\/resa.aero\/en\/when-charity-and-adventure-go-hand-in-hand\/#primaryimage"},"image":{"@id":"https:\/\/resa.aero\/en\/when-charity-and-adventure-go-hand-in-hand\/#primaryimage"},"thumbnailUrl":"https:\/\/resa.aero\/wp-content\/uploads\/2024\/08\/Capture-decran-2024-05-15-122201.png","datePublished":"2024-05-20T14:55:14+00:00","dateModified":"2025-02-05T15:42:49+00:00","author":{"@id":"https:\/\/resa.aero\/#\/schema\/person\/bbe6fb5e24e1ebe009337f5f144affab"},"breadcrumb":{"@id":"https:\/\/resa.aero\/en\/when-charity-and-adventure-go-hand-in-hand\/#breadcrumb"},"inLanguage":"en-US","potentialAction":[{"@type":"ReadAction","target":["https:\/\/resa.aero\/en\/when-charity-and-adventure-go-hand-in-hand\/"]}]},{"@type":"ImageObject","inLanguage":"en-US","@id":"https:\/\/resa.aero\/en\/when-charity-and-adventure-go-hand-in-hand\/#primaryimage","url":"https:\/\/resa.aero\/wp-content\/uploads\/2024\/08\/Capture-decran-2024-05-15-122201.png","contentUrl":"https:\/\/resa.aero\/wp-content\/uploads\/2024\/08\/Capture-decran-2024-05-15-122201.png","width":782,"height":604},{"@type":"BreadcrumbList","@id":"https:\/\/resa.aero\/en\/when-charity-and-adventure-go-hand-in-hand\/#breadcrumb","itemListElement":[{"@type":"ListItem","position":1,"name":"Accueil","item":"https:\/\/resa.aero\/en\/"},{"@type":"ListItem","position":2,"name":"News","item":"https:\/\/resa.aero\/en\/news\/"},{"@type":"ListItem","position":3,"name":"When charity and adventure go hand in hand!"}]},{"@type":"WebSite","@id":"https:\/\/resa.aero\/#website","url":"https:\/\/resa.aero\/","name":"RESA","description":"Editeur et int\u00e9grateur de syst\u00e8mes informatiques a\u00e9roportuaires","potentialAction":[{"@type":"SearchAction","target":{"@type":"EntryPoint","urlTemplate":"https:\/\/resa.aero\/?s={search_term_string}"},"query-input":{"@type":"PropertyValueSpecification","valueRequired":true,"valueName":"search_term_string"}}],"inLanguage":"en-US"},{"@type":"Person","@id":"https:\/\/resa.aero\/#\/schema\/person\/bbe6fb5e24e1ebe009337f5f144affab","name":"C\u00e9line Vilchez","image":{"@type":"ImageObject","inLanguage":"en-US","@id":"https:\/\/secure.gravatar.com\/avatar\/6f49f323c125946de2c47a37bdd456605aa977f9583888a6ee790c533dc79521?s=96&d=mm&r=g","url":"https:\/\/secure.gravatar.com\/avatar\/6f49f323c125946de2c47a37bdd456605aa977f9583888a6ee790c533dc79521?s=96&d=mm&r=g","contentUrl":"https:\/\/secure.gravatar.com\/avatar\/6f49f323c125946de2c47a37bdd456605aa977f9583888a6ee790c533dc79521?s=96&d=mm&r=g","caption":"C\u00e9line Vilchez"}}]}},"_links":{"self":[{"href":"https:\/\/resa.aero\/en\/wp-json\/wp\/v2\/posts\/6755","targetHints":{"allow":["GET"]}}],"collection":[{"href":"https:\/\/resa.aero\/en\/wp-json\/wp\/v2\/posts"}],"about":[{"href":"https:\/\/resa.aero\/en\/wp-json\/wp\/v2\/types\/post"}],"author":[{"embeddable":true,"href":"https:\/\/resa.aero\/en\/wp-json\/wp\/v2\/users\/6"}],"replies":[{"embeddable":true,"href":"https:\/\/resa.aero\/en\/wp-json\/wp\/v2\/comments?post=6755"}],"version-history":[{"count":4,"href":"https:\/\/resa.aero\/en\/wp-json\/wp\/v2\/posts\/6755\/revisions"}],"predecessor-version":[{"id":7207,"href":"https:\/\/resa.aero\/en\/wp-json\/wp\/v2\/posts\/6755\/revisions\/7207"}],"wp:featuredmedia":[{"embeddable":true,"href":"https:\/\/resa.aero\/en\/wp-json\/wp\/v2\/media\/6766"}],"wp:attachment":[{"href":"https:\/\/resa.aero\/en\/wp-json\/wp\/v2\/media?parent=6755"}],"wp:term":[{"taxonomy":"category","embeddable":true,"href":"https:\/\/resa.aero\/en\/wp-json\/wp\/v2\/categories?post=6755"},{"taxonomy":"post_tag","embeddable":true,"href":"https:\/\/resa.aero\/en\/wp-json\/wp\/v2\/tags?post=6755"}],"curies":[{"name":"wp","href":"https:\/\/api.w.org\/{rel}","templated":true}]}}